[{"@context":"https:\/\/schema.org\/","@type":"Article","@id":"https:\/\/www.zmrzlinu.cz\/politicke-debaty\/#Article","mainEntityOfPage":"https:\/\/www.zmrzlinu.cz\/politicke-debaty\/","headline":"Politick\u00e9 debaty","name":"Politick\u00e9 debaty","description":"Abych se v\u00e1m p\u0159iznala, tak j\u00e1 v\u016fbec nem\u00e1m r\u00e1da \u017e\u00e1dn\u00e9 politick\u00e9 kecy. Tedy ne, \u017ee by to byly p\u0159\u00edmo politick\u00e9 kecy, ale m\u011b tohle jednozna\u010dn\u011b nebav\u00ed. Nap\u0159\u00edklad moje kamar\u00e1dka, tak ta by se st\u00e1le bavila jenom o politice. J\u00e1 sice ch\u00e1pu, \u017ee politika je pro n\u011bkoho opravdu hodn\u011b d\u016fle\u017eit\u00e1 anebo zaj\u00edmav\u00e1, ale kdy\u017e t\u0159eba n\u011bkoho [&hellip;]","datePublished":"2023-11-30","dateModified":"2023-11-30","author":{"@type":"Person","@id":"https:\/\/www.zmrzlinu.cz\/author\/#Person","name":"","url":"https:\/\/www.zmrzlinu.cz\/author\/","identifier":1,"image":{"@type":"ImageObject","@id":"https:\/\/secure.gravatar.com\/avatar\/ed80251b84ed676fcd71ef963d220ceeed5d461f9c4be55eee40f0fa01d17ef9?s=96&d=mm&r=g","url":"https:\/\/secure.gravatar.com\/avatar\/ed80251b84ed676fcd71ef963d220ceeed5d461f9c4be55eee40f0fa01d17ef9?s=96&d=mm&r=g","height":96,"width":96}},"publisher":{"@type":"Organization","name":"zmrzlinu.cz","logo":{"@type":"ImageObject","@id":"\/logo.png","url":"\/logo.png","width":600,"height":60}},"image":{"@type":"ImageObject","@id":"https:\/\/www.zmrzlinu.cz\/wp-content\/uploads\/demonstration-7035471_1280.jpg","url":"https:\/\/www.zmrzlinu.cz\/wp-content\/uploads\/demonstration-7035471_1280.jpg","height":0,"width":0},"url":"https:\/\/www.zmrzlinu.cz\/politicke-debaty\/","about":["Politika"],"wordCount":420,"articleBody":"Abych se v\u00e1m p\u0159iznala, tak j\u00e1 v\u016fbec nem\u00e1m r\u00e1da \u017e\u00e1dn\u00e9 politick\u00e9 kecy. Tedy ne, \u017ee by to byly p\u0159\u00edmo politick\u00e9 kecy, ale m\u011b tohle jednozna\u010dn\u011b nebav\u00ed. Nap\u0159\u00edklad moje kamar\u00e1dka, tak ta by se st\u00e1le bavila jenom o politice. J\u00e1 sice ch\u00e1pu, \u017ee politika je pro n\u011bkoho opravdu hodn\u011b d\u016fle\u017eit\u00e1 anebo zaj\u00edmav\u00e1, ale kdy\u017e t\u0159eba n\u011bkoho politika nebav\u00ed, stejn\u011b tak jako m\u011b, tak pro\u010d by m\u011b s t\u00edm m\u011bl n\u011bkdo zat\u011b\u017eovat? Pro\u010d by m\u011b\u00a0n\u011bkdo st\u00e1le m\u011bl \u0159\u00edkat, co m\u00e1m d\u011blat anebo o \u010dem se m\u00e1m bavit anebo co m\u00e1m poslouchat v televizi? Moje kamar\u00e1dka dokonce odeb\u00edr\u00e1 tak\u00e9 r\u016fzn\u00e9 \u010dasopisy, kter\u00e9 se zab\u00fdvaj\u00ed politikou anebo \u00fapln\u011b celosv\u011btovou politikou.M\u011b osobn\u011b by tohle v\u016fbec nebavilo a sp\u00ed\u0161e by mi to bralo m\u016fj voln\u00fd \u010das. J\u00e1 nem\u00e1m r\u00e1da jak \u010deskou politiku, tak samoz\u0159ejm\u011b nem\u00e1m r\u00e1da ani celosv\u011btovou politiku. M\u011b tohle jednozna\u010dn\u011b v\u016fbec nezaj\u00edm\u00e1 a nebav\u00ed m\u011b to. A tak\u00e9 m\u011b opravdu hodn\u011b vad\u00ed, \u017ee moje kamar\u00e1dka m\u011b st\u00e1le do toho\u00a0nut\u00ed. Jednozna\u010dn\u011b, kdy\u017e se o n\u011bco nezaj\u00edm\u00e1m a nebav\u00ed m\u011b, tak pro\u010d bych to m\u011bla d\u011blat? Kamar\u00e1dka se na m\u011b tak\u00e9 n\u011bkolikr\u00e1t na\u0161tvala. Jenom kv\u016fli tomu, \u017ee se s n\u00ed nechci bavit o politice anebo \u017ee t\u0159eba nechod\u00edm k volb\u00e1m. Jenom\u017ee pro\u010d bych m\u011bla chodit k volb\u00e1m, kdy\u017e nechci. J\u00e1 tak\u00e9 kamar\u00e1dku nenut\u00edm do toho, aby \u010detla knihy n\u011bjak\u00e9 historick\u00e9 anebo t\u0159eba encyklopedie, proto\u017ee historick\u00e9 knihy a encyklopedie zase moc bav\u00ed m\u011b. Nebav\u00ed m\u011b politick\u00e9 knihy a kdybyste vid\u011bli knihovnu m\u00e9 kamar\u00e1dky, tak byste se asi sm\u00e1li, proto\u017ee moje kamar\u00e1dka m\u00e1 celou knihovnu pouze jenom o zem\u011bpisu anebo hlavn\u011b tak\u00e9 o politick\u00fdch v\u011bc\u00ed. A tohle m\u011b v\u016fbec nebav\u00ed. Je logick\u00e9, \u017ee kdyby n\u011bkoho bavila politika, stejn\u011b tak jako kamar\u00e1dku, tak by moje kamar\u00e1dka s t\u00edm \u010dlov\u011bkem asi byla nejlep\u0161\u00ed kamar\u00e1dka a ona \u0159\u00edk\u00e1, \u017ee kdy\u017e si\u00a0najde partnera, tak by tak\u00e9 po\u017eadovala, aby i on se zaj\u00edmal o politiku. No, tak to m\u00e1 kamar\u00e1dka\u00a0teda p\u011bkn\u00e9 vyhl\u00eddky, mus\u00ed hledat tedy po\u0159\u00e1dn\u011b a hlavn\u011b takov\u00e9ho, kter\u00fd se zaj\u00edm\u00e1 o politiku.\u00a0                                                                                                                                                                                                                                                                                                                                                                                        4.5\/5 - (12 votes)        "},{"@context":"https:\/\/schema.org\/","@type":"BreadcrumbList","itemListElement":[{"@type":"ListItem","position":1,"name":"Politick\u00e9 debaty","item":"https:\/\/www.zmrzlinu.cz\/politicke-debaty\/#breadcrumbitem"}]}]