[{"@context":"https:\/\/schema.org\/","@type":"Article","@id":"https:\/\/www.zmrzlinu.cz\/cekate-miminko\/#Article","mainEntityOfPage":"https:\/\/www.zmrzlinu.cz\/cekate-miminko\/","headline":"\u010cek\u00e1te miminko?","name":"\u010cek\u00e1te miminko?","description":"T\u011bhotenstv\u00ed pro mnoh\u00e9 \u017eeny pit\u00ed mezi nejkr\u00e1sn\u011bj\u0161\u00ed obdob\u00ed v \u017eivot\u011b, a n\u011bkter\u00e9 \u017eeny by na n\u011bj nejrad\u011bji naopak zcela zapomn\u011bly, proto\u017ee trp\u00ed nevolnostmi. A\u0165 u\u017e pat\u0159\u00edte do skupiny \u017een s bezprobl\u00e9mov\u00fdm t\u011bhotenstv\u00edm nebo do t\u00e9 m\u00e9n\u011b \u0161\u0165astn\u00e9 skupiny se zdravotn\u00edmi probl\u00e9my, ur\u010dit\u011b budete jednou cht\u00edt na t\u011bhotenstv\u00ed vzpom\u00ednat. A jak jinak ne\u017e s fotkami? Ka\u017ed\u00fd [&hellip;]","datePublished":"2023-08-25","dateModified":"2023-11-25","author":{"@type":"Person","@id":"https:\/\/www.zmrzlinu.cz\/author\/#Person","name":"","url":"https:\/\/www.zmrzlinu.cz\/author\/","identifier":1,"image":{"@type":"ImageObject","@id":"https:\/\/secure.gravatar.com\/avatar\/ed80251b84ed676fcd71ef963d220ceeed5d461f9c4be55eee40f0fa01d17ef9?s=96&d=mm&r=g","url":"https:\/\/secure.gravatar.com\/avatar\/ed80251b84ed676fcd71ef963d220ceeed5d461f9c4be55eee40f0fa01d17ef9?s=96&d=mm&r=g","height":96,"width":96}},"publisher":{"@type":"Organization","name":"zmrzlinu.cz","logo":{"@type":"ImageObject","@id":"\/logo.png","url":"\/logo.png","width":600,"height":60}},"image":{"@type":"ImageObject","@id":"https:\/\/www.zmrzlinu.cz\/wp-content\/uploads\/pregnant-2640994_640_1.jpg","url":"https:\/\/www.zmrzlinu.cz\/wp-content\/uploads\/pregnant-2640994_640_1.jpg","height":0,"width":0},"url":"https:\/\/www.zmrzlinu.cz\/cekate-miminko\/","about":["Spole\u010dnosti"],"wordCount":419,"articleBody":"        T\u011bhotenstv\u00ed pro mnoh\u00e9 \u017eeny pit\u00ed mezi nejkr\u00e1sn\u011bj\u0161\u00ed obdob\u00ed v \u017eivot\u011b, a n\u011bkter\u00e9 \u017eeny by na n\u011bj nejrad\u011bji naopak zcela zapomn\u011bly, proto\u017ee trp\u00ed nevolnostmi. A\u0165 u\u017e pat\u0159\u00edte do skupiny \u017een s bezprobl\u00e9mov\u00fdm t\u011bhotenstv\u00edm nebo do t\u00e9 m\u00e9n\u011b \u0161\u0165astn\u00e9 skupiny se zdravotn\u00edmi probl\u00e9my, ur\u010dit\u011b budete jednou cht\u00edt na t\u011bhotenstv\u00ed vzpom\u00ednat. A jak jinak ne\u017e s fotkami?Ka\u017ed\u00fd by mohl nam\u00edtnout, \u017ee nen\u00ed pot\u0159eba si nechat nafotit fotky od fotografa, proto\u017ee m\u00e1te telefon s fotoapar\u00e1tem a tak se m\u016f\u017eete vyfotit sami. To je sice pravda, ale telefonem nikdy neud\u011bl\u00e1te tak hezk\u00e9 fotografie, jako za pomoci profesion\u00e1ln\u00edho fotoapar\u00e1tu. Pr\u00e1ce fotografa nen\u00ed jen o ma\u010dk\u00e1n\u00ed spou\u0161t\u011b, ale o pr\u00e1ci a h\u0159e se sv\u011btly, o vyzdvihnut\u00ed detail\u016f a podobn\u011b. D\u00edky tomu m\u016f\u017eete m\u00edt kr\u00e1sn\u00e9 fotografie, jak\u00e9 nikdo jin\u00fd nem\u00e1. Sta\u010d\u00ed si jen vybrat toho prav\u00e9ho fotografa, kter\u00fd fot\u00ed takov\u00e9 fotky, kter\u00e9 se v\u00e1m l\u00edb\u00ed.U m\u011b si m\u016f\u017eete nechat ud\u011blat t\u011bhotensk\u00e9 focen\u00ed Uhersk\u00e9 Hradi\u0161t\u011b Yorge a v okol\u00ed, ale nen\u00ed probl\u00e9m nafotit i nast\u00e1vaj\u00edc\u00ed maminky z jin\u00fdch m\u011bst &#8211; z\u00e1le\u017e\u00ed na tom, jestli chcete focen\u00ed u m\u011b v ateli\u00e9ru a nebo jen n\u011bkde t\u0159eba v poli pln\u00e9m kv\u011btin v bl\u00edzkosti va\u0161eho bydli\u0161t\u011b. Z\u00e1le\u017e\u00ed jen na v\u00e1s a va\u0161em zdravotn\u00edm stavu.T\u011bhotensk\u00e9 focen\u00ed m\u016f\u017ee vypadat r\u016fzn\u011b. N\u011bkter\u00e9 p\u00e1ry d\u00e1vaj\u00ed p\u0159ednost focen\u00ed v p\u0159\u00edrod\u011b s d\u016frazem na b\u0159\u00ed\u0161ko, jin\u00e9 p\u00e1ry se fot\u00ed s oble\u010den\u00edm a v\u00fdbavi\u010dkou pro miminko. V\u011bt\u0161ina p\u00e1r\u016f se nech\u00e1v\u00e1 fotit v pokro\u010dilej\u0161\u00edm stadiu t\u011bhotenstv\u00ed, aby vyniklo b\u0159\u00ed\u0161ko. S rezervac\u00ed ur\u010dit\u011b neot\u00e1lejte, proto\u017ee term\u00edny se pravideln\u011b pln\u00ed. Krom\u011b t\u011bhotensk\u00e9ho focen\u00ed nab\u00edz\u00edm i svatebn\u00ed focen\u00ed, tak\u017ee letn\u00ed m\u011bs\u00edce b\u00fdvaj\u00ed pln\u00e9 celkem rychle. Prohl\u00e9dn\u011bte si moje fotografie na m\u00e9m webu a soci\u00e1ln\u00edch s\u00edt\u00edch, abyste zjistili, zda je m\u016fj styl focen\u00ed to prav\u00e9 pro v\u00e1s. Ur\u010dit\u011b spolu nafot\u00edme kr\u00e1sn\u00e9 fotografie, kter\u00e9 i po letech s radost\u00ed vyt\u00e1hnete z krabice a dojmete se nad t\u00edm, jak va\u0161e miminko rychle vyrostlo.                                                                                                                                                                                                                                                                                                                                                                                          4.2\/5 - (5 votes)        "},{"@context":"https:\/\/schema.org\/","@type":"BreadcrumbList","itemListElement":[{"@type":"ListItem","position":1,"name":"\u010cek\u00e1te miminko?","item":"https:\/\/www.zmrzlinu.cz\/cekate-miminko\/#breadcrumbitem"}]}]